{"id":7088,"date":"2026-05-01T11:25:42","date_gmt":"2026-05-01T09:25:42","guid":{"rendered":"https:\/\/saintjeandelacommanderie.fr\/?p=7088"},"modified":"2026-05-01T11:25:42","modified_gmt":"2026-05-01T09:25:42","slug":"la-pierre-quont-rejetee-les-batisseurs-est-devenue-la-pierre-dangle","status":"publish","type":"post","link":"https:\/\/saintjeandelacommanderie.fr\/?p=7088","title":{"rendered":"\u00ab\u00a0La pierre qu\u2019ont rejet\u00e9e les b\u00e2tisseurs est devenue la pierre d\u2019angle\u00a0\u00bb"},"content":{"rendered":"<div class=\"wp-block-image\">\n<figure class=\"aligncenter size-full\"><img loading=\"lazy\" decoding=\"async\" width=\"474\" height=\"666\" src=\"https:\/\/saintjeandelacommanderie.fr\/wp-content\/uploads\/2026\/05\/Sagrada-familia.webp\" alt=\"\" class=\"wp-image-7090\" srcset=\"https:\/\/saintjeandelacommanderie.fr\/wp-content\/uploads\/2026\/05\/Sagrada-familia.webp 474w, https:\/\/saintjeandelacommanderie.fr\/wp-content\/uploads\/2026\/05\/Sagrada-familia-214x300.webp 214w\" sizes=\"auto, (max-width: 474px) 100vw, 474px\" \/><figcaption class=\"wp-element-caption\">Sagrada Familia (Antoni Gaudi) <em> Barcelone (Catalogne)<\/em><\/figcaption><\/figure>\n<\/div>\n\n\n<p class=\"has-text-align-center has-text-color has-link-color wp-elements-f3632d2913d179b354ee5a908be768c3\" style=\"color:#ff1515\">\u00c9v\u00e8nements \u00e0 venir<\/p>\n\n\n\n<ul class=\"wp-block-list\">\n<li class=\"has-background\" style=\"background-color:#f9dd60\">Mercredi 06\/05 de 18h \u00e0 19h, un temps de pri\u00e8re anim\u00e9 par le r\u00e9seau ignatien de Nancy au Centre Spirituel dioc\u00e9sain \u00e0 10 rue du Carmel. Il s\u2019agit de prier collectivement avec la Parole de Dieu comme Ignace de Loyola l\u2019enseigne, \u00e0 la mani\u00e8re de \u00ab Prie en chemin \u00bb.<\/li>\n\n\n\n<li class=\"has-background\" style=\"background-color:#5ff71f\">Vendredi 08\/05 \u00e0 17h, une heure de pri\u00e8re et d\u2019adoration pour les pr\u00eatres, anim\u00e9e par l\u2019institut s\u00e9culier de vie consacr\u00e9e des assistantes de l\u2019apostolat sacerdotal (A.A.S.), \u00e0 l\u2019\u00c9glise Sainte-Th\u00e9r\u00e8se de Villers-l\u00e8s-Nancy. Elle est suivie de la messe \u00e0 18h.<\/li>\n\n\n\n<li class=\"has-bright-blue-background-color has-background\">Vendredi 08\/05 \u00e0 20h, une veill\u00e9e de pri\u00e8re dioc\u00e9saine pour le respect de la vie \u00e0 l\u2019\u00c9glise Saint-S\u00e9bastien de Nancy \u00e0 place Charles III. Elle sera pr\u00e9sid\u00e9e par Monseigneur Pierre- Yves Michel, \u00e9v\u00eaque de Nancy et Toul.<\/li>\n<\/ul>\n\n\n\n<p><\/p>\n","protected":false},"excerpt":{"rendered":"<p>Sagrada Familia (Antoni Gaudi) Barcelone (Catalogne) \u00c9v\u00e8nements \u00e0 venir Mercredi 06\/05 de 18h \u00e0 19h, un temps de pri\u00e8re anim\u00e9 par le r\u00e9seau ignatien de Nancy au Centre Spirituel dioc\u00e9sain \u00e0 10 rue du Carmel. Il s\u2019agit de prier collectivement avec la Parole de Dieu comme Ignace de Loyola l\u2019enseigne, \u00e0 la mani\u00e8re de \u00ab &hellip; <a href=\"https:\/\/saintjeandelacommanderie.fr\/?p=7088\" class=\"more-link\">Continuer la lecture de <span class=\"screen-reader-text\">\u00ab\u00a0La pierre qu\u2019ont rejet\u00e9e les b\u00e2tisseurs est devenue la pierre d\u2019angle\u00a0\u00bb<\/span><\/a><\/p>\n","protected":false},"author":1,"featured_media":0,"comment_status":"closed","ping_status":"closed","sticky":false,"template":"","format":"standard","meta":{"footnotes":""},"categories":[3],"tags":[],"class_list":["post-7088","post","type-post","status-publish","format-standard","hentry","category-actu"],"publishpress_future_action":{"enabled":false,"date":"2026-05-09 08:05:13","action":"change-status","newStatus":"draft","terms":[],"taxonomy":"category","extraData":[]},"publishpress_future_workflow_manual_trigger":{"enabledWorkflows":[]},"_links":{"self":[{"href":"https:\/\/saintjeandelacommanderie.fr\/index.php?rest_route=\/wp\/v2\/posts\/7088","targetHints":{"allow":["GET"]}}],"collection":[{"href":"https:\/\/saintjeandelacommanderie.fr\/index.php?rest_route=\/wp\/v2\/posts"}],"about":[{"href":"https:\/\/saintjeandelacommanderie.fr\/index.php?rest_route=\/wp\/v2\/types\/post"}],"author":[{"embeddable":true,"href":"https:\/\/saintjeandelacommanderie.fr\/index.php?rest_route=\/wp\/v2\/users\/1"}],"replies":[{"embeddable":true,"href":"https:\/\/saintjeandelacommanderie.fr\/index.php?rest_route=%2Fwp%2Fv2%2Fcomments&post=7088"}],"version-history":[{"count":2,"href":"https:\/\/saintjeandelacommanderie.fr\/index.php?rest_route=\/wp\/v2\/posts\/7088\/revisions"}],"predecessor-version":[{"id":7091,"href":"https:\/\/saintjeandelacommanderie.fr\/index.php?rest_route=\/wp\/v2\/posts\/7088\/revisions\/7091"}],"wp:attachment":[{"href":"https:\/\/saintjeandelacommanderie.fr\/index.php?rest_route=%2Fwp%2Fv2%2Fmedia&parent=7088"}],"wp:term":[{"taxonomy":"category","embeddable":true,"href":"https:\/\/saintjeandelacommanderie.fr\/index.php?rest_route=%2Fwp%2Fv2%2Fcategories&post=7088"},{"taxonomy":"post_tag","embeddable":true,"href":"https:\/\/saintjeandelacommanderie.fr\/index.php?rest_route=%2Fwp%2Fv2%2Ftags&post=7088"}],"curies":[{"name":"wp","href":"https:\/\/api.w.org\/{rel}","templated":true}]}}