{"id":7259,"date":"2026-09-04T15:35:14","date_gmt":"2026-09-04T13:35:14","guid":{"rendered":"https:\/\/saintjeandelacommanderie.fr\/?p=7259"},"modified":"2026-09-04T15:37:46","modified_gmt":"2026-09-04T13:37:46","slug":"quand-deux-ou-trois-sont-reunis-en-mon-nom-je-suis-la-au-milieu-deux-2","status":"publish","type":"post","link":"https:\/\/saintjeandelacommanderie.fr\/?p=7259","title":{"rendered":"\u00ab\u00a0Quand deux ou trois sont r\u00e9unis en mon nom, je suis l\u00e0, au milieu d\u2019eux.\u00a0\u00bb"},"content":{"rendered":"<div class=\"wp-block-image\">\n<figure class=\"aligncenter size-full is-resized\"><img loading=\"lazy\" decoding=\"async\" width=\"472\" height=\"709\" src=\"https:\/\/saintjeandelacommanderie.fr\/wp-content\/uploads\/2023\/09\/deuxoutrois.png\" alt=\"\" class=\"wp-image-5670\" style=\"aspect-ratio:0.665732909702966;width:266px;height:auto\" srcset=\"https:\/\/saintjeandelacommanderie.fr\/wp-content\/uploads\/2023\/09\/deuxoutrois.png 472w, https:\/\/saintjeandelacommanderie.fr\/wp-content\/uploads\/2023\/09\/deuxoutrois-200x300.png 200w\" sizes=\"auto, (max-width: 472px) 100vw, 472px\" \/><\/figure>\n<\/div>\n\n\n<div style=\"height:38px\" aria-hidden=\"true\" class=\"wp-block-spacer\"><\/div>\n\n\n\n<p class=\"has-light-pink-background-color has-background wp-block-paragraph\"><strong>Samedi 12 septembre<\/strong>, p\u00e8lerinage dioc\u00e9sain au sanctuaire Notre-Dame de Sion<\/p>\n\n\n\n<p class=\"has-background wp-block-paragraph\" style=\"background-color:#f79b55\"><strong>Dimanche 20\/09 de 15h \u00e0 18h,<\/strong> \u00e0 l&rsquo;occasion des<strong> Journ\u00e9es Europ\u00e9ennes du Patrimoine<\/strong>, l&rsquo;\u00e9glise Saint-L\u00e9on IX sera ouverte \u00e0 la visite. L&rsquo;organiste titulaire, Yoann Turpin, sera \u00e0 la\u2028 tribune pour des explications sur l&rsquo;instrument et une d\u00e9monstration de ses capacit\u00e9s sonores. Entr\u00e9e libre.<br><a href=\"https:\/\/saintjeandelacommanderie.fr\/wp-content\/uploads\/2026\/08\/affiche-MVOSL-jep2026.jpeg\" data-type=\"attachment\" data-id=\"7256\" target=\"_blank\" rel=\"noopener\">Pour en savoir plus<\/a>.<\/p>\n\n\n\n<p class=\"has-background wp-block-paragraph\" style=\"background-color:#f9d926\"><strong>Dimanche 27 septembre \u00e0 11h \u00e0 St L\u00e9on<\/strong>, messe unique de rentr\u00e9e paroissiale et 25 ans\u2028 de la paroisse, suivie d&rsquo;un ap\u00e9ritif et d&rsquo;un repas partag\u00e9 \u00e0 St L\u00e9on.<\/p>\n\n\n\n<p class=\"wp-block-paragraph\"><\/p>\n","protected":false},"excerpt":{"rendered":"<p>Samedi 12 septembre, p\u00e8lerinage dioc\u00e9sain au sanctuaire Notre-Dame de Sion Dimanche 20\/09 de 15h \u00e0 18h, \u00e0 l&rsquo;occasion des Journ\u00e9es Europ\u00e9ennes du Patrimoine, l&rsquo;\u00e9glise Saint-L\u00e9on IX sera ouverte \u00e0 la visite. L&rsquo;organiste titulaire, Yoann Turpin, sera \u00e0 la\u2028 tribune pour des explications sur l&rsquo;instrument et une d\u00e9monstration de ses capacit\u00e9s sonores. Entr\u00e9e libre.Pour en savoir &hellip; <a href=\"https:\/\/saintjeandelacommanderie.fr\/?p=7259\" class=\"more-link\">Continuer la lecture de <span class=\"screen-reader-text\">\u00ab\u00a0Quand deux ou trois sont r\u00e9unis en mon nom, je suis l\u00e0, au milieu d\u2019eux.\u00a0\u00bb<\/span><\/a><\/p>\n","protected":false},"author":1,"featured_media":0,"comment_status":"closed","ping_status":"closed","sticky":false,"template":"","format":"standard","meta":{"footnotes":""},"categories":[3],"tags":[],"class_list":["post-7259","post","type-post","status-publish","format-standard","hentry","category-actu"],"publishpress_future_action":{"enabled":false,"date":"2026-09-12 09:23:44","action":"change-status","newStatus":"draft","terms":[],"taxonomy":"category","extraData":[]},"publishpress_future_workflow_manual_trigger":{"enabledWorkflows":[]},"_links":{"self":[{"href":"https:\/\/saintjeandelacommanderie.fr\/index.php?rest_route=\/wp\/v2\/posts\/7259","targetHints":{"allow":["GET"]}}],"collection":[{"href":"https:\/\/saintjeandelacommanderie.fr\/index.php?rest_route=\/wp\/v2\/posts"}],"about":[{"href":"https:\/\/saintjeandelacommanderie.fr\/index.php?rest_route=\/wp\/v2\/types\/post"}],"author":[{"embeddable":true,"href":"https:\/\/saintjeandelacommanderie.fr\/index.php?rest_route=\/wp\/v2\/users\/1"}],"replies":[{"embeddable":true,"href":"https:\/\/saintjeandelacommanderie.fr\/index.php?rest_route=%2Fwp%2Fv2%2Fcomments&post=7259"}],"version-history":[{"count":6,"href":"https:\/\/saintjeandelacommanderie.fr\/index.php?rest_route=\/wp\/v2\/posts\/7259\/revisions"}],"predecessor-version":[{"id":7265,"href":"https:\/\/saintjeandelacommanderie.fr\/index.php?rest_route=\/wp\/v2\/posts\/7259\/revisions\/7265"}],"wp:attachment":[{"href":"https:\/\/saintjeandelacommanderie.fr\/index.php?rest_route=%2Fwp%2Fv2%2Fmedia&parent=7259"}],"wp:term":[{"taxonomy":"category","embeddable":true,"href":"https:\/\/saintjeandelacommanderie.fr\/index.php?rest_route=%2Fwp%2Fv2%2Fcategories&post=7259"},{"taxonomy":"post_tag","embeddable":true,"href":"https:\/\/saintjeandelacommanderie.fr\/index.php?rest_route=%2Fwp%2Fv2%2Ftags&post=7259"}],"curies":[{"name":"wp","href":"https:\/\/api.w.org\/{rel}","templated":true}]}}